{"id":191,"date":"2023-07-21T22:06:46","date_gmt":"2023-07-21T20:06:46","guid":{"rendered":"http:\/\/niort-volley-ball.fr\/?p=191"},"modified":"2024-12-17T13:51:17","modified_gmt":"2024-12-17T12:51:17","slug":"actualites","status":"publish","type":"post","link":"https:\/\/niort-volley-ball.fr\/index.php\/2023\/07\/21\/actualites\/","title":{"rendered":"ACTUALIT\u00c9S"},"content":{"rendered":"\r\n<p>Vous trouverez, ci-dessous, nos derniers articles :<\/p>\r\n\r\n\r\n\n<div id=\"sb_instagram\"  class=\"sbi sbi_mob_col_1 sbi_tab_col_2 sbi_col_4 sbi_width_resp sbi_palette_dark\" style=\"padding-bottom: 10px;\"\t data-feedid=\"*1\"  data-res=\"auto\" data-cols=\"4\" data-colsmobile=\"1\" data-colstablet=\"2\" data-num=\"8\" data-nummobile=\"8\" data-item-padding=\"5\"\t data-shortcode-atts=\"{&quot;feed&quot;:&quot;1&quot;}\"  data-postid=\"191\" data-locatornonce=\"1ce713e04b\" data-imageaspectratio=\"1:1\" data-sbi-flags=\"favorLocal\">\n\t\n\t<div id=\"sbi_images\"  style=\"gap: 10px;\">\n\t\t<div class=\"sbi_item sbi_type_image sbi_new sbi_transition\"\n\tid=\"sbi_18101123764462301\" data-date=\"1733166972\">\n\t<div class=\"sbi_photo_wrap\">\n\t\t<a class=\"sbi_photo\" href=\"https:\/\/www.instagram.com\/p\/DDFl5Juvf1n\/\" target=\"_blank\" rel=\"noopener nofollow\"\n\t\t\tdata-full-res=\"https:\/\/scontent-bru2-1.cdninstagram.com\/v\/t39.30808-6\/468660460_1033291775264456_5966885049942534872_n.jpg?_nc_cat=102&#038;ccb=1-7&#038;_nc_sid=18de74&#038;_nc_ohc=frNQRD0o6RsQ7kNvgGUXidR&#038;_nc_zt=23&#038;_nc_ht=scontent-bru2-1.cdninstagram.com&#038;edm=ANo9K5cEAAAA&#038;_nc_gid=A3FIGDY_CbVLj-p4VFGDiEK&#038;oh=00_AYANc1qWcjztzG5vd5lgn9HEnNHWobv_oj0nM3hrq1UJcA&#038;oe=675656B5\"\n\t\t\tdata-img-src-set=\"{&quot;d&quot;:&quot;https:\\\/\\\/scontent-bru2-1.cdninstagram.com\\\/v\\\/t39.30808-6\\\/468660460_1033291775264456_5966885049942534872_n.jpg?_nc_cat=102&amp;ccb=1-7&amp;_nc_sid=18de74&amp;_nc_ohc=frNQRD0o6RsQ7kNvgGUXidR&amp;_nc_zt=23&amp;_nc_ht=scontent-bru2-1.cdninstagram.com&amp;edm=ANo9K5cEAAAA&amp;_nc_gid=A3FIGDY_CbVLj-p4VFGDiEK&amp;oh=00_AYANc1qWcjztzG5vd5lgn9HEnNHWobv_oj0nM3hrq1UJcA&amp;oe=675656B5&quot;,&quot;150&quot;:&quot;https:\\\/\\\/scontent-bru2-1.cdninstagram.com\\\/v\\\/t39.30808-6\\\/468660460_1033291775264456_5966885049942534872_n.jpg?_nc_cat=102&amp;ccb=1-7&amp;_nc_sid=18de74&amp;_nc_ohc=frNQRD0o6RsQ7kNvgGUXidR&amp;_nc_zt=23&amp;_nc_ht=scontent-bru2-1.cdninstagram.com&amp;edm=ANo9K5cEAAAA&amp;_nc_gid=A3FIGDY_CbVLj-p4VFGDiEK&amp;oh=00_AYANc1qWcjztzG5vd5lgn9HEnNHWobv_oj0nM3hrq1UJcA&amp;oe=675656B5&quot;,&quot;320&quot;:&quot;https:\\\/\\\/scontent-bru2-1.cdninstagram.com\\\/v\\\/t39.30808-6\\\/468660460_1033291775264456_5966885049942534872_n.jpg?_nc_cat=102&amp;ccb=1-7&amp;_nc_sid=18de74&amp;_nc_ohc=frNQRD0o6RsQ7kNvgGUXidR&amp;_nc_zt=23&amp;_nc_ht=scontent-bru2-1.cdninstagram.com&amp;edm=ANo9K5cEAAAA&amp;_nc_gid=A3FIGDY_CbVLj-p4VFGDiEK&amp;oh=00_AYANc1qWcjztzG5vd5lgn9HEnNHWobv_oj0nM3hrq1UJcA&amp;oe=675656B5&quot;,&quot;640&quot;:&quot;https:\\\/\\\/scontent-bru2-1.cdninstagram.com\\\/v\\\/t39.30808-6\\\/468660460_1033291775264456_5966885049942534872_n.jpg?_nc_cat=102&amp;ccb=1-7&amp;_nc_sid=18de74&amp;_nc_ohc=frNQRD0o6RsQ7kNvgGUXidR&amp;_nc_zt=23&amp;_nc_ht=scontent-bru2-1.cdninstagram.com&amp;edm=ANo9K5cEAAAA&amp;_nc_gid=A3FIGDY_CbVLj-p4VFGDiEK&amp;oh=00_AYANc1qWcjztzG5vd5lgn9HEnNHWobv_oj0nM3hrq1UJcA&amp;oe=675656B5&quot;}\">\n\t\t\t<span class=\"sbi-screenreader\">\ud835\udde3\ud835\uddf5\ud835\uddfc\ud835\ude01\ud835\uddfc\ud835\ude00 \ud835\uddf1&#039;\ud835\uddf2\u0301\ud835\uddfe\ud835\ude02\ud835\uddf6\ud835\uddfd\ud835\uddf2\ud835\ude00\nNous avons parl\u00e9 des \u00e9quipes d\u00e9p<\/span>\n\t\t\t\t\t\t\t\t\t<img decoding=\"async\" data-src=\"https:\/\/niort-volley-ball.fr\/wp-content\/plugins\/instagram-feed\/img\/placeholder.png\" alt=\"\ud835\udde3\ud835\uddf5\ud835\uddfc\ud835\ude01\ud835\uddfc\ud835\ude00 \ud835\uddf1&#039;\ud835\uddf2\u0301\ud835\uddfe\ud835\ude02\ud835\uddf6\ud835\uddfd\ud835\uddf2\ud835\ude00\nNous avons parl\u00e9 des \u00e9quipes d\u00e9partementales et r\u00e9gionales qui \u00e9voluent sous les couleurs du Niort Volley Ball mais il y a aussi des \u00e9quipes Masters qui rejoignent la dynamique du club.\nEt ce week-end tout le monde jouait ! Reconna\u00eetrez-vous tous ces visages ?\" aria-hidden=\"true\" src=\"data:image\/svg+xml;base64,PHN2ZyB3aWR0aD0iMSIgaGVpZ2h0PSIxIiB4bWxucz0iaHR0cDovL3d3dy53My5vcmcvMjAwMC9zdmciPjwvc3ZnPg==\" class=\"lazyload\" style=\"--smush-placeholder-width: 1000px; --smush-placeholder-aspect-ratio: 1000\/560;\">\n\t\t<\/a>\n\t<\/div>\n<\/div><div class=\"sbi_item sbi_type_image sbi_new sbi_transition\"\n\tid=\"sbi_18058922470892796\" data-date=\"1733153126\">\n\t<div class=\"sbi_photo_wrap\">\n\t\t<a class=\"sbi_photo\" href=\"https:\/\/www.instagram.com\/p\/DDFLe6xqVyH\/\" target=\"_blank\" rel=\"noopener nofollow\"\n\t\t\tdata-full-res=\"https:\/\/scontent-bru2-1.cdninstagram.com\/v\/t39.30808-6\/468663868_1033275088599458_7110289446281097849_n.jpg?_nc_cat=105&#038;ccb=1-7&#038;_nc_sid=18de74&#038;_nc_ohc=WoPVE-WJs70Q7kNvgG9mQg-&#038;_nc_zt=23&#038;_nc_ht=scontent-bru2-1.cdninstagram.com&#038;edm=ANo9K5cEAAAA&#038;_nc_gid=A3FIGDY_CbVLj-p4VFGDiEK&#038;oh=00_AYA2OihgRaIAFsiAthS5Kmlq2mMkMw-2FDTJ4Z97kP7Ryw&#038;oe=6756429B\"\n\t\t\tdata-img-src-set=\"{&quot;d&quot;:&quot;https:\\\/\\\/scontent-bru2-1.cdninstagram.com\\\/v\\\/t39.30808-6\\\/468663868_1033275088599458_7110289446281097849_n.jpg?_nc_cat=105&amp;ccb=1-7&amp;_nc_sid=18de74&amp;_nc_ohc=WoPVE-WJs70Q7kNvgG9mQg-&amp;_nc_zt=23&amp;_nc_ht=scontent-bru2-1.cdninstagram.com&amp;edm=ANo9K5cEAAAA&amp;_nc_gid=A3FIGDY_CbVLj-p4VFGDiEK&amp;oh=00_AYA2OihgRaIAFsiAthS5Kmlq2mMkMw-2FDTJ4Z97kP7Ryw&amp;oe=6756429B&quot;,&quot;150&quot;:&quot;https:\\\/\\\/scontent-bru2-1.cdninstagram.com\\\/v\\\/t39.30808-6\\\/468663868_1033275088599458_7110289446281097849_n.jpg?_nc_cat=105&amp;ccb=1-7&amp;_nc_sid=18de74&amp;_nc_ohc=WoPVE-WJs70Q7kNvgG9mQg-&amp;_nc_zt=23&amp;_nc_ht=scontent-bru2-1.cdninstagram.com&amp;edm=ANo9K5cEAAAA&amp;_nc_gid=A3FIGDY_CbVLj-p4VFGDiEK&amp;oh=00_AYA2OihgRaIAFsiAthS5Kmlq2mMkMw-2FDTJ4Z97kP7Ryw&amp;oe=6756429B&quot;,&quot;320&quot;:&quot;https:\\\/\\\/scontent-bru2-1.cdninstagram.com\\\/v\\\/t39.30808-6\\\/468663868_1033275088599458_7110289446281097849_n.jpg?_nc_cat=105&amp;ccb=1-7&amp;_nc_sid=18de74&amp;_nc_ohc=WoPVE-WJs70Q7kNvgG9mQg-&amp;_nc_zt=23&amp;_nc_ht=scontent-bru2-1.cdninstagram.com&amp;edm=ANo9K5cEAAAA&amp;_nc_gid=A3FIGDY_CbVLj-p4VFGDiEK&amp;oh=00_AYA2OihgRaIAFsiAthS5Kmlq2mMkMw-2FDTJ4Z97kP7Ryw&amp;oe=6756429B&quot;,&quot;640&quot;:&quot;https:\\\/\\\/scontent-bru2-1.cdninstagram.com\\\/v\\\/t39.30808-6\\\/468663868_1033275088599458_7110289446281097849_n.jpg?_nc_cat=105&amp;ccb=1-7&amp;_nc_sid=18de74&amp;_nc_ohc=WoPVE-WJs70Q7kNvgG9mQg-&amp;_nc_zt=23&amp;_nc_ht=scontent-bru2-1.cdninstagram.com&amp;edm=ANo9K5cEAAAA&amp;_nc_gid=A3FIGDY_CbVLj-p4VFGDiEK&amp;oh=00_AYA2OihgRaIAFsiAthS5Kmlq2mMkMw-2FDTJ4Z97kP7Ryw&amp;oe=6756429B&quot;}\">\n\t\t\t<span class=\"sbi-screenreader\">[\ud835\udde5\ud835\uddf2\u0301\ud835\ude00\ud835\ude02\ud835\uddf9\ud835\ude01\ud835\uddee\ud835\ude01\ud835\ude00 \ud835\udde1\ud835\uddf6\ud835\uddfc\ud835\uddff\ud835\ude01 \ud835\udde9\ud835\uddfc\ud835\uddf9\ud835\uddf9\ud835\uddf2\ud835\ude06 \ud835\uddd5\ud835\uddee\ud835\uddf9\ud835\uddf9 - \ud835\ude04\ud835\uddf2\ud835\uddf2\ud835\uddf8-\ud835\uddf2\ud835\uddfb\ud835\uddf1 \ud835\uddf1\ud835\uddf2\ud835\ude00 \ud835\udfef\ud835\udfec\/\ud835\udfed\ud835\udfed<\/span>\n\t\t\t\t\t\t\t\t\t<img decoding=\"async\" data-src=\"https:\/\/niort-volley-ball.fr\/wp-content\/plugins\/instagram-feed\/img\/placeholder.png\" alt=\"[\ud835\udde5\ud835\uddf2\u0301\ud835\ude00\ud835\ude02\ud835\uddf9\ud835\ude01\ud835\uddee\ud835\ude01\ud835\ude00 \ud835\udde1\ud835\uddf6\ud835\uddfc\ud835\uddff\ud835\ude01 \ud835\udde9\ud835\uddfc\ud835\uddf9\ud835\uddf9\ud835\uddf2\ud835\ude06 \ud835\uddd5\ud835\uddee\ud835\uddf9\ud835\uddf9 - \ud835\ude04\ud835\uddf2\ud835\uddf2\ud835\uddf8-\ud835\uddf2\ud835\uddfb\ud835\uddf1 \ud835\uddf1\ud835\uddf2\ud835\ude00 \ud835\udfef\ud835\udfec\/\ud835\udfed\ud835\udfed \ud835\uddf2\ud835\ude01 \ud835\udfed\/\ud835\udfed\ud835\udfee]\nDiff\u00e9rentes \u00e9motions ont travers\u00e9 les salles o\u00f9 se sont exprim\u00e9s les sportifs du Niort Volley Ball ce week-end.\nF\u00e9licitons une nouvelle fois le collectif mansculin en d\u00e9partemental : v\ud835\ude03\ud835\uddf6\ud835\uddf0\ud835\ude01\ud835\uddfc\ud835\uddf6\ud835\uddff\ud835\uddf2 \ud835\udfef-\ud835\udfec \ud835\uddee\u0300 \ud835\uddf1\ud835\uddfc\ud835\uddfa\ud835\uddf6\ud835\uddf0\ud835\uddf6\ud835\uddf9\ud835\uddf2 face \u00e0 Melle. Bravo !\nToujours \u00e0 domicile les joueuses de l&#039;\u00e9quipe d\u00e9partementale f\u00e9minine ont accroch\u00e9 leur 1er set de la saison mais n&#039;ont pas pu renverser les Melloise (d\u00e9faire 1-3)\nA l&#039;ext\u00e9rieur, nos r\u00e9gions ont rencontr\u00e9s des obstacles qu&#039;ils n&#039;ont pas pu franchir : d\u00e9faite 3-0 pour les volleyeuses et 3-2 pour les volleyeurs.\" aria-hidden=\"true\" src=\"data:image\/svg+xml;base64,PHN2ZyB3aWR0aD0iMSIgaGVpZ2h0PSIxIiB4bWxucz0iaHR0cDovL3d3dy53My5vcmcvMjAwMC9zdmciPjwvc3ZnPg==\" class=\"lazyload\" style=\"--smush-placeholder-width: 1000px; --smush-placeholder-aspect-ratio: 1000\/560;\">\n\t\t<\/a>\n\t<\/div>\n<\/div><div class=\"sbi_item sbi_type_image sbi_new sbi_transition\"\n\tid=\"sbi_17947089404899423\" data-date=\"1732868700\">\n\t<div class=\"sbi_photo_wrap\">\n\t\t<a class=\"sbi_photo\" href=\"https:\/\/www.instagram.com\/p\/DC8s-3sqSas\/\" target=\"_blank\" rel=\"noopener nofollow\"\n\t\t\tdata-full-res=\"https:\/\/scontent-bru2-1.cdninstagram.com\/v\/t39.30808-6\/468526821_1031023865491247_7703122908104821766_n.jpg?_nc_cat=101&#038;ccb=1-7&#038;_nc_sid=18de74&#038;_nc_ohc=fiPG0FppzaIQ7kNvgEvI_6L&#038;_nc_zt=23&#038;_nc_ht=scontent-bru2-1.cdninstagram.com&#038;edm=ANo9K5cEAAAA&#038;_nc_gid=A3FIGDY_CbVLj-p4VFGDiEK&#038;oh=00_AYBeRg4fmlbeO0Gqky6qPGz88H-ouQDTLjxgMO_MkMr6hA&#038;oe=6756597F\"\n\t\t\tdata-img-src-set=\"{&quot;d&quot;:&quot;https:\\\/\\\/scontent-bru2-1.cdninstagram.com\\\/v\\\/t39.30808-6\\\/468526821_1031023865491247_7703122908104821766_n.jpg?_nc_cat=101&amp;ccb=1-7&amp;_nc_sid=18de74&amp;_nc_ohc=fiPG0FppzaIQ7kNvgEvI_6L&amp;_nc_zt=23&amp;_nc_ht=scontent-bru2-1.cdninstagram.com&amp;edm=ANo9K5cEAAAA&amp;_nc_gid=A3FIGDY_CbVLj-p4VFGDiEK&amp;oh=00_AYBeRg4fmlbeO0Gqky6qPGz88H-ouQDTLjxgMO_MkMr6hA&amp;oe=6756597F&quot;,&quot;150&quot;:&quot;https:\\\/\\\/scontent-bru2-1.cdninstagram.com\\\/v\\\/t39.30808-6\\\/468526821_1031023865491247_7703122908104821766_n.jpg?_nc_cat=101&amp;ccb=1-7&amp;_nc_sid=18de74&amp;_nc_ohc=fiPG0FppzaIQ7kNvgEvI_6L&amp;_nc_zt=23&amp;_nc_ht=scontent-bru2-1.cdninstagram.com&amp;edm=ANo9K5cEAAAA&amp;_nc_gid=A3FIGDY_CbVLj-p4VFGDiEK&amp;oh=00_AYBeRg4fmlbeO0Gqky6qPGz88H-ouQDTLjxgMO_MkMr6hA&amp;oe=6756597F&quot;,&quot;320&quot;:&quot;https:\\\/\\\/scontent-bru2-1.cdninstagram.com\\\/v\\\/t39.30808-6\\\/468526821_1031023865491247_7703122908104821766_n.jpg?_nc_cat=101&amp;ccb=1-7&amp;_nc_sid=18de74&amp;_nc_ohc=fiPG0FppzaIQ7kNvgEvI_6L&amp;_nc_zt=23&amp;_nc_ht=scontent-bru2-1.cdninstagram.com&amp;edm=ANo9K5cEAAAA&amp;_nc_gid=A3FIGDY_CbVLj-p4VFGDiEK&amp;oh=00_AYBeRg4fmlbeO0Gqky6qPGz88H-ouQDTLjxgMO_MkMr6hA&amp;oe=6756597F&quot;,&quot;640&quot;:&quot;https:\\\/\\\/scontent-bru2-1.cdninstagram.com\\\/v\\\/t39.30808-6\\\/468526821_1031023865491247_7703122908104821766_n.jpg?_nc_cat=101&amp;ccb=1-7&amp;_nc_sid=18de74&amp;_nc_ohc=fiPG0FppzaIQ7kNvgEvI_6L&amp;_nc_zt=23&amp;_nc_ht=scontent-bru2-1.cdninstagram.com&amp;edm=ANo9K5cEAAAA&amp;_nc_gid=A3FIGDY_CbVLj-p4VFGDiEK&amp;oh=00_AYBeRg4fmlbeO0Gqky6qPGz88H-ouQDTLjxgMO_MkMr6hA&amp;oe=6756597F&quot;}\">\n\t\t\t<span class=\"sbi-screenreader\">[\ud835\udde3\ud835\uddff\ud835\uddfc\ud835\uddf4\ud835\uddff\ud835\uddee\ud835\uddfa\ud835\uddfa\ud835\uddf2 \ud835\uddf1\ud835\ude02 \ud835\ude04\ud835\uddf2\ud835\uddf2\ud835\uddf8-\ud835\uddf2\ud835\uddfb\ud835\uddf1 - \ud835\uddd8\ud835\uddfe\ud835\ude02\ud835\uddf6\ud835\uddfd\ud835\uddf2\ud835\ude00 \ud835\udde1\ud835\udde9\ud835\uddd5]\nUn beau prog<\/span>\n\t\t\t\t\t\t\t\t\t<img decoding=\"async\" data-src=\"https:\/\/niort-volley-ball.fr\/wp-content\/plugins\/instagram-feed\/img\/placeholder.png\" alt=\"[\ud835\udde3\ud835\uddff\ud835\uddfc\ud835\uddf4\ud835\uddff\ud835\uddee\ud835\uddfa\ud835\uddfa\ud835\uddf2 \ud835\uddf1\ud835\ude02 \ud835\ude04\ud835\uddf2\ud835\uddf2\ud835\uddf8-\ud835\uddf2\ud835\uddfb\ud835\uddf1 - \ud835\uddd8\ud835\uddfe\ud835\ude02\ud835\uddf6\ud835\uddfd\ud835\uddf2\ud835\ude00 \ud835\udde1\ud835\udde9\ud835\uddd5]\nUn beau programme pour ce week-end de transistion entre novembre et d\u00e9cembre. Les \u00e9quipes r\u00e9gionales se d\u00e9placent \u00e0 Chatelaillon pour les gars samedi soir \u00e0 20h30 et \u00e0 Royan pour les filles dimanche \u00e0 14h.\n\ud835\uddd4 \ud835\uddf1\ud835\uddfc\ud835\uddfa\ud835\uddf6\ud835\uddf0\ud835\uddf6\ud835\uddf9\ud835\uddf2, vous aurez le plaisir de pouvoir assister gratuitement \u00e0 2 rencontres d\u00e9partementale dimanche.\nLes filles ouvrent la journ\u00e9e d\u00e8s 14h contre Melle et les gars suivent \u00e0 16h contre Melle aussi.\nVenez nombreux \u00e0 Pissardant Dimanche apr\u00e8s : allez Niort Volley Ball !\" aria-hidden=\"true\" src=\"data:image\/svg+xml;base64,PHN2ZyB3aWR0aD0iMSIgaGVpZ2h0PSIxIiB4bWxucz0iaHR0cDovL3d3dy53My5vcmcvMjAwMC9zdmciPjwvc3ZnPg==\" class=\"lazyload\" style=\"--smush-placeholder-width: 1000px; --smush-placeholder-aspect-ratio: 1000\/560;\">\n\t\t<\/a>\n\t<\/div>\n<\/div><div class=\"sbi_item sbi_type_image sbi_new sbi_transition\"\n\tid=\"sbi_18039480737032582\" data-date=\"1732640820\">\n\t<div class=\"sbi_photo_wrap\">\n\t\t<a class=\"sbi_photo\" href=\"https:\/\/www.instagram.com\/p\/DC16Vfiq3uS\/\" target=\"_blank\" rel=\"noopener nofollow\"\n\t\t\tdata-full-res=\"https:\/\/scontent-bru2-1.cdninstagram.com\/v\/t39.30808-6\/468622191_1029277995665834_672454773172195890_n.jpg?_nc_cat=106&#038;ccb=1-7&#038;_nc_sid=18de74&#038;_nc_ohc=NhVDAqJuhJwQ7kNvgHwBPXJ&#038;_nc_zt=23&#038;_nc_ht=scontent-bru2-1.cdninstagram.com&#038;edm=ANo9K5cEAAAA&#038;_nc_gid=A3FIGDY_CbVLj-p4VFGDiEK&#038;oh=00_AYBss1epe1e_Sh751na3GXqE8q6hJhUqXMcGlvhd1wleXg&#038;oe=67564FA5\"\n\t\t\tdata-img-src-set=\"{&quot;d&quot;:&quot;https:\\\/\\\/scontent-bru2-1.cdninstagram.com\\\/v\\\/t39.30808-6\\\/468622191_1029277995665834_672454773172195890_n.jpg?_nc_cat=106&amp;ccb=1-7&amp;_nc_sid=18de74&amp;_nc_ohc=NhVDAqJuhJwQ7kNvgHwBPXJ&amp;_nc_zt=23&amp;_nc_ht=scontent-bru2-1.cdninstagram.com&amp;edm=ANo9K5cEAAAA&amp;_nc_gid=A3FIGDY_CbVLj-p4VFGDiEK&amp;oh=00_AYBss1epe1e_Sh751na3GXqE8q6hJhUqXMcGlvhd1wleXg&amp;oe=67564FA5&quot;,&quot;150&quot;:&quot;https:\\\/\\\/scontent-bru2-1.cdninstagram.com\\\/v\\\/t39.30808-6\\\/468622191_1029277995665834_672454773172195890_n.jpg?_nc_cat=106&amp;ccb=1-7&amp;_nc_sid=18de74&amp;_nc_ohc=NhVDAqJuhJwQ7kNvgHwBPXJ&amp;_nc_zt=23&amp;_nc_ht=scontent-bru2-1.cdninstagram.com&amp;edm=ANo9K5cEAAAA&amp;_nc_gid=A3FIGDY_CbVLj-p4VFGDiEK&amp;oh=00_AYBss1epe1e_Sh751na3GXqE8q6hJhUqXMcGlvhd1wleXg&amp;oe=67564FA5&quot;,&quot;320&quot;:&quot;https:\\\/\\\/scontent-bru2-1.cdninstagram.com\\\/v\\\/t39.30808-6\\\/468622191_1029277995665834_672454773172195890_n.jpg?_nc_cat=106&amp;ccb=1-7&amp;_nc_sid=18de74&amp;_nc_ohc=NhVDAqJuhJwQ7kNvgHwBPXJ&amp;_nc_zt=23&amp;_nc_ht=scontent-bru2-1.cdninstagram.com&amp;edm=ANo9K5cEAAAA&amp;_nc_gid=A3FIGDY_CbVLj-p4VFGDiEK&amp;oh=00_AYBss1epe1e_Sh751na3GXqE8q6hJhUqXMcGlvhd1wleXg&amp;oe=67564FA5&quot;,&quot;640&quot;:&quot;https:\\\/\\\/scontent-bru2-1.cdninstagram.com\\\/v\\\/t39.30808-6\\\/468622191_1029277995665834_672454773172195890_n.jpg?_nc_cat=106&amp;ccb=1-7&amp;_nc_sid=18de74&amp;_nc_ohc=NhVDAqJuhJwQ7kNvgHwBPXJ&amp;_nc_zt=23&amp;_nc_ht=scontent-bru2-1.cdninstagram.com&amp;edm=ANo9K5cEAAAA&amp;_nc_gid=A3FIGDY_CbVLj-p4VFGDiEK&amp;oh=00_AYBss1epe1e_Sh751na3GXqE8q6hJhUqXMcGlvhd1wleXg&amp;oe=67564FA5&quot;}\">\n\t\t\t<span class=\"sbi-screenreader\">[\ud835\udde5\ud835\uddf2\u0301\ud835\ude00\ud835\ude02\ud835\uddf9\ud835\ude01\ud835\uddee\ud835\ude01\ud835\ude00 \ud835\uddf1\ud835\ude02 \ud835\ude04\ud835\uddf2\ud835\uddf2\ud835\uddf8-\ud835\uddf2\ud835\uddfb\ud835\uddf1 - \ud835\uddd8\ud835\uddfe\ud835\ude02\ud835\uddf6\ud835\uddfd\ud835\uddf2\ud835\ude00 \ud835\udde1\ud835\udde9\ud835\uddd5]\n4 matchs po<\/span>\n\t\t\t\t\t\t\t\t\t<img decoding=\"async\" data-src=\"https:\/\/niort-volley-ball.fr\/wp-content\/plugins\/instagram-feed\/img\/placeholder.png\" alt=\"[\ud835\udde5\ud835\uddf2\u0301\ud835\ude00\ud835\ude02\ud835\uddf9\ud835\ude01\ud835\uddee\ud835\ude01\ud835\ude00 \ud835\uddf1\ud835\ude02 \ud835\ude04\ud835\uddf2\ud835\uddf2\ud835\uddf8-\ud835\uddf2\ud835\uddfb\ud835\uddf1 - \ud835\uddd8\ud835\uddfe\ud835\ude02\ud835\uddf6\ud835\uddfd\ud835\uddf2\ud835\ude00 \ud835\udde1\ud835\udde9\ud835\uddd5]\n4 matchs pour les \u00e9quipes f\u00e9d\u00e9rales s\u00e9niors du Niort Volley Ball ce week-end. 1 belle victoire et 3 d\u00e9faites encourageantes.\nAllez les volleyeuses et volleyeurs !\" aria-hidden=\"true\" src=\"data:image\/svg+xml;base64,PHN2ZyB3aWR0aD0iMSIgaGVpZ2h0PSIxIiB4bWxucz0iaHR0cDovL3d3dy53My5vcmcvMjAwMC9zdmciPjwvc3ZnPg==\" class=\"lazyload\" style=\"--smush-placeholder-width: 1000px; --smush-placeholder-aspect-ratio: 1000\/560;\">\n\t\t<\/a>\n\t<\/div>\n<\/div><div class=\"sbi_item sbi_type_image sbi_new sbi_transition\"\n\tid=\"sbi_18042688391163777\" data-date=\"1732472975\">\n\t<div class=\"sbi_photo_wrap\">\n\t\t<a class=\"sbi_photo\" href=\"https:\/\/www.instagram.com\/p\/DCw6MqaNqvl\/\" target=\"_blank\" rel=\"noopener nofollow\"\n\t\t\tdata-full-res=\"https:\/\/scontent-bru2-1.cdninstagram.com\/v\/t39.30808-6\/468318957_1028003515793282_1766749408453949770_n.jpg?_nc_cat=100&#038;ccb=1-7&#038;_nc_sid=18de74&#038;_nc_ohc=ZHiR9pEC2lcQ7kNvgHwrMcA&#038;_nc_zt=23&#038;_nc_ht=scontent-bru2-1.cdninstagram.com&#038;edm=ANo9K5cEAAAA&#038;_nc_gid=A3FIGDY_CbVLj-p4VFGDiEK&#038;oh=00_AYBrw3keiFZeH1Vq0BiGrB_1mnQtzfTQy0eFtyynSDaBYw&#038;oe=67567335\"\n\t\t\tdata-img-src-set=\"{&quot;d&quot;:&quot;https:\\\/\\\/scontent-bru2-1.cdninstagram.com\\\/v\\\/t39.30808-6\\\/468318957_1028003515793282_1766749408453949770_n.jpg?_nc_cat=100&amp;ccb=1-7&amp;_nc_sid=18de74&amp;_nc_ohc=ZHiR9pEC2lcQ7kNvgHwrMcA&amp;_nc_zt=23&amp;_nc_ht=scontent-bru2-1.cdninstagram.com&amp;edm=ANo9K5cEAAAA&amp;_nc_gid=A3FIGDY_CbVLj-p4VFGDiEK&amp;oh=00_AYBrw3keiFZeH1Vq0BiGrB_1mnQtzfTQy0eFtyynSDaBYw&amp;oe=67567335&quot;,&quot;150&quot;:&quot;https:\\\/\\\/scontent-bru2-1.cdninstagram.com\\\/v\\\/t39.30808-6\\\/468318957_1028003515793282_1766749408453949770_n.jpg?_nc_cat=100&amp;ccb=1-7&amp;_nc_sid=18de74&amp;_nc_ohc=ZHiR9pEC2lcQ7kNvgHwrMcA&amp;_nc_zt=23&amp;_nc_ht=scontent-bru2-1.cdninstagram.com&amp;edm=ANo9K5cEAAAA&amp;_nc_gid=A3FIGDY_CbVLj-p4VFGDiEK&amp;oh=00_AYBrw3keiFZeH1Vq0BiGrB_1mnQtzfTQy0eFtyynSDaBYw&amp;oe=67567335&quot;,&quot;320&quot;:&quot;https:\\\/\\\/scontent-bru2-1.cdninstagram.com\\\/v\\\/t39.30808-6\\\/468318957_1028003515793282_1766749408453949770_n.jpg?_nc_cat=100&amp;ccb=1-7&amp;_nc_sid=18de74&amp;_nc_ohc=ZHiR9pEC2lcQ7kNvgHwrMcA&amp;_nc_zt=23&amp;_nc_ht=scontent-bru2-1.cdninstagram.com&amp;edm=ANo9K5cEAAAA&amp;_nc_gid=A3FIGDY_CbVLj-p4VFGDiEK&amp;oh=00_AYBrw3keiFZeH1Vq0BiGrB_1mnQtzfTQy0eFtyynSDaBYw&amp;oe=67567335&quot;,&quot;640&quot;:&quot;https:\\\/\\\/scontent-bru2-1.cdninstagram.com\\\/v\\\/t39.30808-6\\\/468318957_1028003515793282_1766749408453949770_n.jpg?_nc_cat=100&amp;ccb=1-7&amp;_nc_sid=18de74&amp;_nc_ohc=ZHiR9pEC2lcQ7kNvgHwrMcA&amp;_nc_zt=23&amp;_nc_ht=scontent-bru2-1.cdninstagram.com&amp;edm=ANo9K5cEAAAA&amp;_nc_gid=A3FIGDY_CbVLj-p4VFGDiEK&amp;oh=00_AYBrw3keiFZeH1Vq0BiGrB_1mnQtzfTQy0eFtyynSDaBYw&amp;oe=67567335&quot;}\">\n\t\t\t<span class=\"sbi-screenreader\">[\ud835\ude4d\ud835\ude5a\u0301\ud835\ude68\ud835\ude6a\ud835\ude61\ud835\ude69\ud835\ude56\ud835\ude69 - \ud835\ude40\ud835\ude66\ud835\ude6a\ud835\ude5e\ud835\ude65\ud835\ude5a \ud835\ude3f\ud835\ude5a\u0301\ud835\ude65\ud835\ude56\ud835\ude67\ud835\ude69\ud835\ude5a\ud835\ude62\ud835\ude5a\ud835\ude63\ud835\ude69\ud835\ude56\ud835\ude61\ud835\ude5a \ud835\ude48\ud835\ude56\ud835\ude68\ud835\ude58\ud835\ude6a\ud835\ude61\ud835\ude5e\ud835\ude63\ud835\ude5a]\nVic<\/span>\n\t\t\t\t\t\t\t\t\t<img decoding=\"async\" data-src=\"https:\/\/niort-volley-ball.fr\/wp-content\/plugins\/instagram-feed\/img\/placeholder.png\" alt=\"[\ud835\ude4d\ud835\ude5a\u0301\ud835\ude68\ud835\ude6a\ud835\ude61\ud835\ude69\ud835\ude56\ud835\ude69 - \ud835\ude40\ud835\ude66\ud835\ude6a\ud835\ude5e\ud835\ude65\ud835\ude5a \ud835\ude3f\ud835\ude5a\u0301\ud835\ude65\ud835\ude56\ud835\ude67\ud835\ude69\ud835\ude5a\ud835\ude62\ud835\ude5a\ud835\ude63\ud835\ude69\ud835\ude56\ud835\ude61\ud835\ude5a \ud835\ude48\ud835\ude56\ud835\ude68\ud835\ude58\ud835\ude6a\ud835\ude61\ud835\ude5e\ud835\ude63\ud835\ude5a]\nVictoire 3-2 au tie break de notre \u00e9quipe masculine \u00e0 Thouars ! Un championnat qui commence bien avec cette seconde victoire de suite pour notre jeune collectif. Les mots du coach : &quot;Une belle intensit\u00e9 de jeu, mais il faudra travailler certaines irr\u00e9gularit\u00e9s&quot;.\nBravo aux leaders de la poule.\" aria-hidden=\"true\" src=\"data:image\/svg+xml;base64,PHN2ZyB3aWR0aD0iMSIgaGVpZ2h0PSIxIiB4bWxucz0iaHR0cDovL3d3dy53My5vcmcvMjAwMC9zdmciPjwvc3ZnPg==\" class=\"lazyload\" style=\"--smush-placeholder-width: 1000px; --smush-placeholder-aspect-ratio: 1000\/560;\">\n\t\t<\/a>\n\t<\/div>\n<\/div><div class=\"sbi_item sbi_type_image sbi_new sbi_transition\"\n\tid=\"sbi_17954303168745841\" data-date=\"1732471356\">\n\t<div class=\"sbi_photo_wrap\">\n\t\t<a class=\"sbi_photo\" href=\"https:\/\/www.instagram.com\/p\/DCw3HEctPQe\/\" target=\"_blank\" rel=\"noopener nofollow\"\n\t\t\tdata-full-res=\"https:\/\/scontent-bru2-1.cdninstagram.com\/v\/t39.30808-6\/468398242_1027990159127951_7453604237377794240_n.jpg?_nc_cat=110&#038;ccb=1-7&#038;_nc_sid=18de74&#038;_nc_ohc=Hyp44Rhu1TMQ7kNvgE_bSxG&#038;_nc_zt=23&#038;_nc_ht=scontent-bru2-1.cdninstagram.com&#038;edm=ANo9K5cEAAAA&#038;_nc_gid=A3FIGDY_CbVLj-p4VFGDiEK&#038;oh=00_AYDWcT16u08RrCQIihfes1k6I-vbv_mVZ7RoWb-2ByIUSA&#038;oe=67566DF2\"\n\t\t\tdata-img-src-set=\"{&quot;d&quot;:&quot;https:\\\/\\\/scontent-bru2-1.cdninstagram.com\\\/v\\\/t39.30808-6\\\/468398242_1027990159127951_7453604237377794240_n.jpg?_nc_cat=110&amp;ccb=1-7&amp;_nc_sid=18de74&amp;_nc_ohc=Hyp44Rhu1TMQ7kNvgE_bSxG&amp;_nc_zt=23&amp;_nc_ht=scontent-bru2-1.cdninstagram.com&amp;edm=ANo9K5cEAAAA&amp;_nc_gid=A3FIGDY_CbVLj-p4VFGDiEK&amp;oh=00_AYDWcT16u08RrCQIihfes1k6I-vbv_mVZ7RoWb-2ByIUSA&amp;oe=67566DF2&quot;,&quot;150&quot;:&quot;https:\\\/\\\/scontent-bru2-1.cdninstagram.com\\\/v\\\/t39.30808-6\\\/468398242_1027990159127951_7453604237377794240_n.jpg?_nc_cat=110&amp;ccb=1-7&amp;_nc_sid=18de74&amp;_nc_ohc=Hyp44Rhu1TMQ7kNvgE_bSxG&amp;_nc_zt=23&amp;_nc_ht=scontent-bru2-1.cdninstagram.com&amp;edm=ANo9K5cEAAAA&amp;_nc_gid=A3FIGDY_CbVLj-p4VFGDiEK&amp;oh=00_AYDWcT16u08RrCQIihfes1k6I-vbv_mVZ7RoWb-2ByIUSA&amp;oe=67566DF2&quot;,&quot;320&quot;:&quot;https:\\\/\\\/scontent-bru2-1.cdninstagram.com\\\/v\\\/t39.30808-6\\\/468398242_1027990159127951_7453604237377794240_n.jpg?_nc_cat=110&amp;ccb=1-7&amp;_nc_sid=18de74&amp;_nc_ohc=Hyp44Rhu1TMQ7kNvgE_bSxG&amp;_nc_zt=23&amp;_nc_ht=scontent-bru2-1.cdninstagram.com&amp;edm=ANo9K5cEAAAA&amp;_nc_gid=A3FIGDY_CbVLj-p4VFGDiEK&amp;oh=00_AYDWcT16u08RrCQIihfes1k6I-vbv_mVZ7RoWb-2ByIUSA&amp;oe=67566DF2&quot;,&quot;640&quot;:&quot;https:\\\/\\\/scontent-bru2-1.cdninstagram.com\\\/v\\\/t39.30808-6\\\/468398242_1027990159127951_7453604237377794240_n.jpg?_nc_cat=110&amp;ccb=1-7&amp;_nc_sid=18de74&amp;_nc_ohc=Hyp44Rhu1TMQ7kNvgE_bSxG&amp;_nc_zt=23&amp;_nc_ht=scontent-bru2-1.cdninstagram.com&amp;edm=ANo9K5cEAAAA&amp;_nc_gid=A3FIGDY_CbVLj-p4VFGDiEK&amp;oh=00_AYDWcT16u08RrCQIihfes1k6I-vbv_mVZ7RoWb-2ByIUSA&amp;oe=67566DF2&quot;}\">\n\t\t\t<span class=\"sbi-screenreader\">[\ud835\ude4d\ud835\ude5a\u0301\ud835\ude68\ud835\ude6a\ud835\ude61\ud835\ude69\ud835\ude56\ud835\ude69 - \ud835\ude40\ud835\ude66\ud835\ude6a\ud835\ude5e\ud835\ude65\ud835\ude5a \ud835\ude4d\ud835\ude5a\u0301\ud835\ude5c\ud835\ude5e\ud835\ude64\ud835\ude63 \ud835\ude41\ud835\ude5a\u0301\ud835\ude62\ud835\ude5e\ud835\ude63\ud835\ude5e\ud835\ude63\ud835\ude5a] \nC&#039;est apr\u00e8<\/span>\n\t\t\t\t\t\t\t\t\t<img decoding=\"async\" data-src=\"https:\/\/niort-volley-ball.fr\/wp-content\/plugins\/instagram-feed\/img\/placeholder.png\" alt=\"[\ud835\ude4d\ud835\ude5a\u0301\ud835\ude68\ud835\ude6a\ud835\ude61\ud835\ude69\ud835\ude56\ud835\ude69 - \ud835\ude40\ud835\ude66\ud835\ude6a\ud835\ude5e\ud835\ude65\ud835\ude5a \ud835\ude4d\ud835\ude5a\u0301\ud835\ude5c\ud835\ude5e\ud835\ude64\ud835\ude63 \ud835\ude41\ud835\ude5a\u0301\ud835\ude62\ud835\ude5e\ud835\ude63\ud835\ude5e\ud835\ude63\ud835\ude5a] \nC&#039;est apr\u00e8s un match tr\u00e8s disput\u00e9 que notre \u00e9quipe f\u00e9minine r\u00e9gionale s&#039;est inclin\u00e9e en 2-3 face \u00e0 Rochefort qu&#039;elle recevait, avec un 5\u00e8me set perdu 15-13 ! Elle obtient tout de m\u00eame son 1er point du championnat et surtout une nette progression qui permet d&#039;envisager de prochains matchs passionnants ! Allez NVB !\" aria-hidden=\"true\" src=\"data:image\/svg+xml;base64,PHN2ZyB3aWR0aD0iMSIgaGVpZ2h0PSIxIiB4bWxucz0iaHR0cDovL3d3dy53My5vcmcvMjAwMC9zdmciPjwvc3ZnPg==\" class=\"lazyload\" style=\"--smush-placeholder-width: 1000px; --smush-placeholder-aspect-ratio: 1000\/560;\">\n\t\t<\/a>\n\t<\/div>\n<\/div><div class=\"sbi_item sbi_type_image sbi_new sbi_transition\"\n\tid=\"sbi_17967882305687166\" data-date=\"1732297417\">\n\t<div class=\"sbi_photo_wrap\">\n\t\t<a class=\"sbi_photo\" href=\"https:\/\/www.instagram.com\/p\/DCrrWNsKzJC\/\" target=\"_blank\" rel=\"noopener nofollow\"\n\t\t\tdata-full-res=\"https:\/\/scontent-bru2-1.cdninstagram.com\/v\/t39.30808-6\/467228355_1023960409530926_7696752547321470387_n.jpg?_nc_cat=100&#038;ccb=1-7&#038;_nc_sid=18de74&#038;_nc_ohc=OSRPjDsBLgkQ7kNvgEyOlQT&#038;_nc_zt=23&#038;_nc_ht=scontent-bru2-1.cdninstagram.com&#038;edm=ANo9K5cEAAAA&#038;_nc_gid=A3FIGDY_CbVLj-p4VFGDiEK&#038;oh=00_AYDRrj26gZGRxsFmGUP7wT8DRhkDWtN_KagyoNOpOFStuA&#038;oe=675657A3\"\n\t\t\tdata-img-src-set=\"{&quot;d&quot;:&quot;https:\\\/\\\/scontent-bru2-1.cdninstagram.com\\\/v\\\/t39.30808-6\\\/467228355_1023960409530926_7696752547321470387_n.jpg?_nc_cat=100&amp;ccb=1-7&amp;_nc_sid=18de74&amp;_nc_ohc=OSRPjDsBLgkQ7kNvgEyOlQT&amp;_nc_zt=23&amp;_nc_ht=scontent-bru2-1.cdninstagram.com&amp;edm=ANo9K5cEAAAA&amp;_nc_gid=A3FIGDY_CbVLj-p4VFGDiEK&amp;oh=00_AYDRrj26gZGRxsFmGUP7wT8DRhkDWtN_KagyoNOpOFStuA&amp;oe=675657A3&quot;,&quot;150&quot;:&quot;https:\\\/\\\/scontent-bru2-1.cdninstagram.com\\\/v\\\/t39.30808-6\\\/467228355_1023960409530926_7696752547321470387_n.jpg?_nc_cat=100&amp;ccb=1-7&amp;_nc_sid=18de74&amp;_nc_ohc=OSRPjDsBLgkQ7kNvgEyOlQT&amp;_nc_zt=23&amp;_nc_ht=scontent-bru2-1.cdninstagram.com&amp;edm=ANo9K5cEAAAA&amp;_nc_gid=A3FIGDY_CbVLj-p4VFGDiEK&amp;oh=00_AYDRrj26gZGRxsFmGUP7wT8DRhkDWtN_KagyoNOpOFStuA&amp;oe=675657A3&quot;,&quot;320&quot;:&quot;https:\\\/\\\/scontent-bru2-1.cdninstagram.com\\\/v\\\/t39.30808-6\\\/467228355_1023960409530926_7696752547321470387_n.jpg?_nc_cat=100&amp;ccb=1-7&amp;_nc_sid=18de74&amp;_nc_ohc=OSRPjDsBLgkQ7kNvgEyOlQT&amp;_nc_zt=23&amp;_nc_ht=scontent-bru2-1.cdninstagram.com&amp;edm=ANo9K5cEAAAA&amp;_nc_gid=A3FIGDY_CbVLj-p4VFGDiEK&amp;oh=00_AYDRrj26gZGRxsFmGUP7wT8DRhkDWtN_KagyoNOpOFStuA&amp;oe=675657A3&quot;,&quot;640&quot;:&quot;https:\\\/\\\/scontent-bru2-1.cdninstagram.com\\\/v\\\/t39.30808-6\\\/467228355_1023960409530926_7696752547321470387_n.jpg?_nc_cat=100&amp;ccb=1-7&amp;_nc_sid=18de74&amp;_nc_ohc=OSRPjDsBLgkQ7kNvgEyOlQT&amp;_nc_zt=23&amp;_nc_ht=scontent-bru2-1.cdninstagram.com&amp;edm=ANo9K5cEAAAA&amp;_nc_gid=A3FIGDY_CbVLj-p4VFGDiEK&amp;oh=00_AYDRrj26gZGRxsFmGUP7wT8DRhkDWtN_KagyoNOpOFStuA&amp;oe=675657A3&quot;}\">\n\t\t\t<span class=\"sbi-screenreader\">[\ud835\ude40\ud835\ude66\ud835\ude6a\ud835\ude5e\ud835\ude65\ud835\ude5a \ud835\ude59\ud835\ude5a\u0301\ud835\ude65\ud835\ude56\ud835\ude67\ud835\ude69\ud835\ude5a\ud835\ude62\ud835\ude5a\ud835\ude63\ud835\ude69\ud835\ude56\ud835\ude61\ud835\ude5a \ud835\ude5b\ud835\ude5a\u0301\ud835\ude62\ud835\ude5e\ud835\ude63\ud835\ude5e\ud835\ude63\ud835\ude5a - \ud835\udfed\ud835\ude5a\u0300\ud835\ude67\ud835\ude5a \ud835\ude5f\ud835\ude64\ud835\ude6a\ud835\ude67\ud835\ude63\ud835\ude5a\u0301\ud835\ude5a<\/span>\n\t\t\t\t\t\t\t\t\t<img decoding=\"async\" data-src=\"https:\/\/niort-volley-ball.fr\/wp-content\/plugins\/instagram-feed\/img\/placeholder.png\" alt=\"[\ud835\ude40\ud835\ude66\ud835\ude6a\ud835\ude5e\ud835\ude65\ud835\ude5a \ud835\ude59\ud835\ude5a\u0301\ud835\ude65\ud835\ude56\ud835\ude67\ud835\ude69\ud835\ude5a\ud835\ude62\ud835\ude5a\ud835\ude63\ud835\ude69\ud835\ude56\ud835\ude61\ud835\ude5a \ud835\ude5b\ud835\ude5a\u0301\ud835\ude62\ud835\ude5e\ud835\ude63\ud835\ude5e\ud835\ude63\ud835\ude5a - \ud835\udfed\ud835\ude5a\u0300\ud835\ude67\ud835\ude5a \ud835\ude5f\ud835\ude64\ud835\ude6a\ud835\ude67\ud835\ude63\ud835\ude5a\u0301\ud835\ude5a - \ud835\ude3f\ud835\ude64\ud835\ude62\ud835\ude5e\ud835\ude58\ud835\ude5e\ud835\ude61\ud835\ude5a] \ud835\uddd6\ud835\uddf2 \ud835\ude00\ud835\uddfc\ud835\uddf6\ud835\uddff\nC&#039;est parti pour les filles de l&#039;\u00e9quipe d\u00e9partemantale du Niort Volley Ball ! Vendredi 22 novembre, elles lan\u00e7ent leur championnat \u00e0 domicile. Elle re\u00e7oivent Parthenay \u00e0 21h30 \u00e0 Pissardant : une belle opportunit\u00e9 de commencer le week-end en venant les encourager.\n#gogogo\" aria-hidden=\"true\" src=\"data:image\/svg+xml;base64,PHN2ZyB3aWR0aD0iMSIgaGVpZ2h0PSIxIiB4bWxucz0iaHR0cDovL3d3dy53My5vcmcvMjAwMC9zdmciPjwvc3ZnPg==\" class=\"lazyload\" style=\"--smush-placeholder-width: 1000px; --smush-placeholder-aspect-ratio: 1000\/560;\">\n\t\t<\/a>\n\t<\/div>\n<\/div><div class=\"sbi_item sbi_type_image sbi_new sbi_transition\"\n\tid=\"sbi_18037895825211302\" data-date=\"1732294805\">\n\t<div class=\"sbi_photo_wrap\">\n\t\t<a class=\"sbi_photo\" href=\"https:\/\/www.instagram.com\/p\/DCrmXY8oYra\/\" target=\"_blank\" rel=\"noopener nofollow\"\n\t\t\tdata-full-res=\"https:\/\/scontent-bru2-1.cdninstagram.com\/v\/t39.30808-6\/467407337_1023963036197330_2400398177060150832_n.jpg?_nc_cat=108&#038;ccb=1-7&#038;_nc_sid=18de74&#038;_nc_ohc=8uPEPLFT5ucQ7kNvgEFRFkK&#038;_nc_zt=23&#038;_nc_ht=scontent-bru2-1.cdninstagram.com&#038;edm=ANo9K5cEAAAA&#038;_nc_gid=A3FIGDY_CbVLj-p4VFGDiEK&#038;oh=00_AYCzqXlOo9G1DMbBi44RhaOEpUsMnZTjalny5mW3YBFNFg&#038;oe=675660B7\"\n\t\t\tdata-img-src-set=\"{&quot;d&quot;:&quot;https:\\\/\\\/scontent-bru2-1.cdninstagram.com\\\/v\\\/t39.30808-6\\\/467407337_1023963036197330_2400398177060150832_n.jpg?_nc_cat=108&amp;ccb=1-7&amp;_nc_sid=18de74&amp;_nc_ohc=8uPEPLFT5ucQ7kNvgEFRFkK&amp;_nc_zt=23&amp;_nc_ht=scontent-bru2-1.cdninstagram.com&amp;edm=ANo9K5cEAAAA&amp;_nc_gid=A3FIGDY_CbVLj-p4VFGDiEK&amp;oh=00_AYCzqXlOo9G1DMbBi44RhaOEpUsMnZTjalny5mW3YBFNFg&amp;oe=675660B7&quot;,&quot;150&quot;:&quot;https:\\\/\\\/scontent-bru2-1.cdninstagram.com\\\/v\\\/t39.30808-6\\\/467407337_1023963036197330_2400398177060150832_n.jpg?_nc_cat=108&amp;ccb=1-7&amp;_nc_sid=18de74&amp;_nc_ohc=8uPEPLFT5ucQ7kNvgEFRFkK&amp;_nc_zt=23&amp;_nc_ht=scontent-bru2-1.cdninstagram.com&amp;edm=ANo9K5cEAAAA&amp;_nc_gid=A3FIGDY_CbVLj-p4VFGDiEK&amp;oh=00_AYCzqXlOo9G1DMbBi44RhaOEpUsMnZTjalny5mW3YBFNFg&amp;oe=675660B7&quot;,&quot;320&quot;:&quot;https:\\\/\\\/scontent-bru2-1.cdninstagram.com\\\/v\\\/t39.30808-6\\\/467407337_1023963036197330_2400398177060150832_n.jpg?_nc_cat=108&amp;ccb=1-7&amp;_nc_sid=18de74&amp;_nc_ohc=8uPEPLFT5ucQ7kNvgEFRFkK&amp;_nc_zt=23&amp;_nc_ht=scontent-bru2-1.cdninstagram.com&amp;edm=ANo9K5cEAAAA&amp;_nc_gid=A3FIGDY_CbVLj-p4VFGDiEK&amp;oh=00_AYCzqXlOo9G1DMbBi44RhaOEpUsMnZTjalny5mW3YBFNFg&amp;oe=675660B7&quot;,&quot;640&quot;:&quot;https:\\\/\\\/scontent-bru2-1.cdninstagram.com\\\/v\\\/t39.30808-6\\\/467407337_1023963036197330_2400398177060150832_n.jpg?_nc_cat=108&amp;ccb=1-7&amp;_nc_sid=18de74&amp;_nc_ohc=8uPEPLFT5ucQ7kNvgEFRFkK&amp;_nc_zt=23&amp;_nc_ht=scontent-bru2-1.cdninstagram.com&amp;edm=ANo9K5cEAAAA&amp;_nc_gid=A3FIGDY_CbVLj-p4VFGDiEK&amp;oh=00_AYCzqXlOo9G1DMbBi44RhaOEpUsMnZTjalny5mW3YBFNFg&amp;oe=675660B7&quot;}\">\n\t\t\t<span class=\"sbi-screenreader\">[\ud835\ude40\ud835\ude66\ud835\ude6a\ud835\ude5e\ud835\ude65\ud835\ude5a \ud835\ude59\ud835\ude5a\u0301\ud835\ude65\ud835\ude56\ud835\ude67\ud835\ude69\ud835\ude5a\ud835\ude62\ud835\ude5a\ud835\ude63\ud835\ude69\ud835\ude56\ud835\ude61\ud835\ude5a \ud835\ude62\ud835\ude56\ud835\ude58\ud835\ude6a\ud835\ude61\ud835\ude5e\ud835\ude63\ud835\ude5a - \ud835\udfee\ud835\ude5a\u0300\ud835\ude62\ud835\ude5a \ud835\ude5f\ud835\ude64\ud835\ude6a\ud835\ude67\ud835\ude63\ud835\ude5a\u0301\ud835\ude5a <\/span>\n\t\t\t\t\t\t\t\t\t<img decoding=\"async\" data-src=\"https:\/\/niort-volley-ball.fr\/wp-content\/plugins\/instagram-feed\/img\/placeholder.png\" alt=\"[\ud835\ude40\ud835\ude66\ud835\ude6a\ud835\ude5e\ud835\ude65\ud835\ude5a \ud835\ude59\ud835\ude5a\u0301\ud835\ude65\ud835\ude56\ud835\ude67\ud835\ude69\ud835\ude5a\ud835\ude62\ud835\ude5a\ud835\ude63\ud835\ude69\ud835\ude56\ud835\ude61\ud835\ude5a \ud835\ude62\ud835\ude56\ud835\ude58\ud835\ude6a\ud835\ude61\ud835\ude5e\ud835\ude63\ud835\ude5a - \ud835\udfee\ud835\ude5a\u0300\ud835\ude62\ud835\ude5a \ud835\ude5f\ud835\ude64\ud835\ude6a\ud835\ude67\ud835\ude63\ud835\ude5a\u0301\ud835\ude5a - \ud835\ude4f\ud835\ude5d\ud835\ude64\ud835\ude6a\ud835\ude56\ud835\ude67\ud835\ude68]\nLes gar\u00e7ons ont lanc\u00e9 leur saison sur une belle victoire \u00e0 domicile, ils se d\u00e9placent Dimanche \u00e0 Thouars pour confirmer.\nC&#039;est \u00e0 15h qu&#039;ils joueront contre l&#039;US THouars Volley Ball, et on compte sur eux pour continuer ce chemin de victoire.\n#objectif\" aria-hidden=\"true\" src=\"data:image\/svg+xml;base64,PHN2ZyB3aWR0aD0iMSIgaGVpZ2h0PSIxIiB4bWxucz0iaHR0cDovL3d3dy53My5vcmcvMjAwMC9zdmciPjwvc3ZnPg==\" class=\"lazyload\" style=\"--smush-placeholder-width: 1000px; --smush-placeholder-aspect-ratio: 1000\/560;\">\n\t\t<\/a>\n\t<\/div>\n<\/div>\t<\/div>\n\n\t<div id=\"sbi_load\" >\n\n\t\n\t\t\t<span class=\"sbi_follow_btn sbi_custom\" >\n\t\t\t<a target=\"_blank\"\n\t\t\t\trel=\"nofollow noopener\"  href=\"https:\/\/www.instagram.com\/niortvb\/\" style=\"background: rgb(233,43,43);\">\n\t\t\t\t<svg class=\"svg-inline--fa fa-instagram fa-w-14\" aria-hidden=\"true\" data-fa-processed=\"\" aria-label=\"Instagram\" data-prefix=\"fab\" data-icon=\"instagram\" role=\"img\" viewBox=\"0 0 448 512\">\n                    <path fill=\"currentColor\" d=\"M224.1 141c-63.6 0-114.9 51.3-114.9 114.9s51.3 114.9 114.9 114.9S339 319.5 339 255.9 287.7 141 224.1 141zm0 189.6c-41.1 0-74.7-33.5-74.7-74.7s33.5-74.7 74.7-74.7 74.7 33.5 74.7 74.7-33.6 74.7-74.7 74.7zm146.4-194.3c0 14.9-12 26.8-26.8 26.8-14.9 0-26.8-12-26.8-26.8s12-26.8 26.8-26.8 26.8 12 26.8 26.8zm76.1 27.2c-1.7-35.9-9.9-67.7-36.2-93.9-26.2-26.2-58-34.4-93.9-36.2-37-2.1-147.9-2.1-184.9 0-35.8 1.7-67.6 9.9-93.9 36.1s-34.4 58-36.2 93.9c-2.1 37-2.1 147.9 0 184.9 1.7 35.9 9.9 67.7 36.2 93.9s58 34.4 93.9 36.2c37 2.1 147.9 2.1 184.9 0 35.9-1.7 67.7-9.9 93.9-36.2 26.2-26.2 34.4-58 36.2-93.9 2.1-37 2.1-147.8 0-184.8zM398.8 388c-7.8 19.6-22.9 34.7-42.6 42.6-29.5 11.7-99.5 9-132.1 9s-102.7 2.6-132.1-9c-19.6-7.8-34.7-22.9-42.6-42.6-11.7-29.5-9-99.5-9-132.1s-2.6-102.7 9-132.1c7.8-19.6 22.9-34.7 42.6-42.6 29.5-11.7 99.5-9 132.1-9s102.7-2.6 132.1 9c19.6 7.8 34.7 22.9 42.6 42.6 11.7 29.5 9 99.5 9 132.1s2.7 102.7-9 132.1z\"><\/path>\n                <\/svg>\t\t\t\t<span>Suivre sur Instagram<\/span>\n\t\t\t<\/a>\n\t\t<\/span>\n\t\n<\/div>\n\t\t<span class=\"sbi_resized_image_data\" data-feed-id=\"*1\"\n\t\t  data-resized=\"{&quot;18037895825211302&quot;:{&quot;id&quot;:&quot;467407337_1023963036197330_2400398177060150832_n&quot;,&quot;ratio&quot;:&quot;1.00&quot;,&quot;sizes&quot;:{&quot;full&quot;:640,&quot;low&quot;:320,&quot;thumb&quot;:150},&quot;extension&quot;:&quot;.webp&quot;},&quot;17967882305687166&quot;:{&quot;id&quot;:&quot;467228355_1023960409530926_7696752547321470387_n&quot;,&quot;ratio&quot;:&quot;1.00&quot;,&quot;sizes&quot;:{&quot;full&quot;:640,&quot;low&quot;:320,&quot;thumb&quot;:150},&quot;extension&quot;:&quot;.webp&quot;},&quot;18042688391163777&quot;:{&quot;id&quot;:&quot;468318957_1028003515793282_1766749408453949770_n&quot;,&quot;ratio&quot;:&quot;1.00&quot;,&quot;sizes&quot;:{&quot;full&quot;:640,&quot;low&quot;:320,&quot;thumb&quot;:150},&quot;extension&quot;:&quot;.webp&quot;},&quot;17954303168745841&quot;:{&quot;id&quot;:&quot;468398242_1027990159127951_7453604237377794240_n&quot;,&quot;ratio&quot;:&quot;1.00&quot;,&quot;sizes&quot;:{&quot;full&quot;:640,&quot;low&quot;:320,&quot;thumb&quot;:150},&quot;extension&quot;:&quot;.webp&quot;},&quot;18039480737032582&quot;:{&quot;id&quot;:&quot;468622191_1029277995665834_672454773172195890_n&quot;,&quot;ratio&quot;:&quot;1.00&quot;,&quot;sizes&quot;:{&quot;full&quot;:640,&quot;low&quot;:320,&quot;thumb&quot;:150},&quot;extension&quot;:&quot;.webp&quot;},&quot;17947089404899423&quot;:{&quot;id&quot;:&quot;468526821_1031023865491247_7703122908104821766_n&quot;,&quot;ratio&quot;:&quot;1.00&quot;,&quot;sizes&quot;:{&quot;full&quot;:640,&quot;low&quot;:320,&quot;thumb&quot;:150},&quot;extension&quot;:&quot;.webp&quot;},&quot;18058922470892796&quot;:{&quot;id&quot;:&quot;468663868_1033275088599458_7110289446281097849_n&quot;,&quot;ratio&quot;:&quot;1.00&quot;,&quot;sizes&quot;:{&quot;full&quot;:640,&quot;low&quot;:320,&quot;thumb&quot;:150},&quot;extension&quot;:&quot;.webp&quot;},&quot;18101123764462301&quot;:{&quot;id&quot;:&quot;468660460_1033291775264456_5966885049942534872_n&quot;,&quot;ratio&quot;:&quot;1.00&quot;,&quot;sizes&quot;:{&quot;full&quot;:640,&quot;low&quot;:320,&quot;thumb&quot;:150},&quot;extension&quot;:&quot;.webp&quot;}}\">\n\t<\/span>\n\t<\/div>\n\n\t<style type=\"text\/css\">\n\t\t\t\t\t\t#sb_instagram .sbi_follow_btn a:hover,\n\t\t#sb_instagram .sbi_follow_btn a:focus {\n\t\t\toutline: none;\n\t\t\tbox-shadow: inset 0 0 10px 20px#E53610;\n\t\t}\n\n\t\t\t<\/style>\n\t\n\r\n\r\n\r\n<p>&nbsp;<\/p>\r\n\r\n\r\n\r\n<p>Rejoignez-nous sur les r\u00e9seaux sociaux pour nous suivre davantage !<\/p>\r\n<p>&nbsp;<\/p>\r\n<p>Club formateur affili\u00e9 \u00e0 la <a href=\"http:\/\/www.ffvb.org\">http:\/\/www.ffvb.org<\/a><\/p>\r\n<p style=\"text-align: center;\"><img decoding=\"async\" class=\"alignnone size-medium wp-image-568 lazyload\" data-src=\"https:\/\/niort-volley-ball.fr\/wp-content\/uploads\/2024\/12\/68936a22-5a1f-4dd1-be10-be85d3ab87d0-300x225.jpeg\" alt=\"\" width=\"300\" height=\"225\" data-srcset=\"https:\/\/niort-volley-ball.fr\/wp-content\/uploads\/2024\/12\/68936a22-5a1f-4dd1-be10-be85d3ab87d0-300x225.jpeg 300w, https:\/\/niort-volley-ball.fr\/wp-content\/uploads\/2024\/12\/68936a22-5a1f-4dd1-be10-be85d3ab87d0-1024x768.jpeg 1024w, https:\/\/niort-volley-ball.fr\/wp-content\/uploads\/2024\/12\/68936a22-5a1f-4dd1-be10-be85d3ab87d0-768x576.jpeg 768w, https:\/\/niort-volley-ball.fr\/wp-content\/uploads\/2024\/12\/68936a22-5a1f-4dd1-be10-be85d3ab87d0-1536x1152.jpeg 1536w, https:\/\/niort-volley-ball.fr\/wp-content\/uploads\/2024\/12\/68936a22-5a1f-4dd1-be10-be85d3ab87d0-1200x900.jpeg 1200w, https:\/\/niort-volley-ball.fr\/wp-content\/uploads\/2024\/12\/68936a22-5a1f-4dd1-be10-be85d3ab87d0.jpeg 1600w\" data-sizes=\"(max-width: 300px) 100vw, 300px\" src=\"data:image\/svg+xml;base64,PHN2ZyB3aWR0aD0iMSIgaGVpZ2h0PSIxIiB4bWxucz0iaHR0cDovL3d3dy53My5vcmcvMjAwMC9zdmciPjwvc3ZnPg==\" style=\"--smush-placeholder-width: 300px; --smush-placeholder-aspect-ratio: 300\/225;\" \/><\/p>\r\n","protected":false},"excerpt":{"rendered":"<p>Vous trouverez, ci-dessous, nos derniers articles : &nbsp; Rejoignez-nous sur les r\u00e9seaux sociaux pour nous suivre davantage ! &nbsp; Club formateur affili\u00e9 \u00e0 la http:\/\/www.ffvb.org<\/p>\n","protected":false},"author":4,"featured_media":0,"comment_status":"open","ping_status":"open","sticky":false,"template":"","format":"standard","meta":{"iawp_total_views":2,"footnotes":""},"categories":[1],"tags":[],"class_list":["post-191","post","type-post","status-publish","format-standard","hentry","category-non-classe"],"yoast_head":"<!-- This site is optimized with the Yoast SEO plugin v27.5 - https:\/\/yoast.com\/product\/yoast-seo-wordpress\/ -->\n<title>ACTUALIT\u00c9S - Niort Volley Ball<\/title>\n<meta name=\"description\" content=\"notre club de Volley sur Niort est un club formateur affili\u00e9 \u00e0 la FFVB participants \u00e0 championnat d\u00e9partemental r\u00e9gional loisir\" \/>\n<meta name=\"robots\" content=\"index, follow, max-snippet:-1, max-image-preview:large, max-video-preview:-1\" \/>\n<link rel=\"canonical\" href=\"https:\/\/niort-volley-ball.fr\/index.php\/2023\/07\/21\/actualites\/\" \/>\n<meta property=\"og:locale\" content=\"fr_FR\" \/>\n<meta property=\"og:type\" content=\"article\" \/>\n<meta property=\"og:title\" content=\"ACTUALIT\u00c9S - Niort Volley Ball\" \/>\n<meta property=\"og:description\" content=\"notre club de Volley sur Niort est un club formateur affili\u00e9 \u00e0 la FFVB participants \u00e0 championnat d\u00e9partemental r\u00e9gional loisir\" \/>\n<meta property=\"og:url\" content=\"https:\/\/niort-volley-ball.fr\/index.php\/2023\/07\/21\/actualites\/\" \/>\n<meta property=\"og:site_name\" content=\"Niort Volley Ball\" \/>\n<meta property=\"article:publisher\" content=\"https:\/\/www.facebook.com\/niortvb\/\" \/>\n<meta property=\"article:published_time\" content=\"2023-07-21T20:06:46+00:00\" \/>\n<meta property=\"article:modified_time\" content=\"2024-12-17T12:51:17+00:00\" \/>\n<meta property=\"og:image\" content=\"https:\/\/niort-volley-ball.fr\/wp-content\/uploads\/2024\/12\/68936a22-5a1f-4dd1-be10-be85d3ab87d0-300x225.jpeg\" \/>\n<meta name=\"author\" content=\"Nolwenn Secher\" \/>\n<meta name=\"twitter:card\" content=\"summary_large_image\" \/>\n<meta name=\"twitter:label1\" content=\"\u00c9crit par\" \/>\n\t<meta name=\"twitter:data1\" content=\"Nolwenn Secher\" \/>\n<script type=\"application\/ld+json\" class=\"yoast-schema-graph\">{\"@context\":\"https:\\\/\\\/schema.org\",\"@graph\":[{\"@type\":\"Article\",\"@id\":\"https:\\\/\\\/niort-volley-ball.fr\\\/index.php\\\/2023\\\/07\\\/21\\\/actualites\\\/#article\",\"isPartOf\":{\"@id\":\"https:\\\/\\\/niort-volley-ball.fr\\\/index.php\\\/2023\\\/07\\\/21\\\/actualites\\\/\"},\"author\":{\"name\":\"Nolwenn Secher\",\"@id\":\"https:\\\/\\\/niort-volley-ball.fr\\\/#\\\/schema\\\/person\\\/b64d92b82deae062d66b0258b6a1e8a1\"},\"headline\":\"ACTUALIT\u00c9S\",\"datePublished\":\"2023-07-21T20:06:46+00:00\",\"dateModified\":\"2024-12-17T12:51:17+00:00\",\"mainEntityOfPage\":{\"@id\":\"https:\\\/\\\/niort-volley-ball.fr\\\/index.php\\\/2023\\\/07\\\/21\\\/actualites\\\/\"},\"wordCount\":30,\"commentCount\":0,\"publisher\":{\"@id\":\"https:\\\/\\\/niort-volley-ball.fr\\\/#organization\"},\"image\":{\"@id\":\"https:\\\/\\\/niort-volley-ball.fr\\\/index.php\\\/2023\\\/07\\\/21\\\/actualites\\\/#primaryimage\"},\"thumbnailUrl\":\"https:\\\/\\\/niort-volley-ball.fr\\\/wp-content\\\/uploads\\\/2024\\\/12\\\/68936a22-5a1f-4dd1-be10-be85d3ab87d0-300x225.jpeg\",\"inLanguage\":\"fr-FR\",\"potentialAction\":[{\"@type\":\"CommentAction\",\"name\":\"Comment\",\"target\":[\"https:\\\/\\\/niort-volley-ball.fr\\\/index.php\\\/2023\\\/07\\\/21\\\/actualites\\\/#respond\"]}]},{\"@type\":\"WebPage\",\"@id\":\"https:\\\/\\\/niort-volley-ball.fr\\\/index.php\\\/2023\\\/07\\\/21\\\/actualites\\\/\",\"url\":\"https:\\\/\\\/niort-volley-ball.fr\\\/index.php\\\/2023\\\/07\\\/21\\\/actualites\\\/\",\"name\":\"ACTUALIT\u00c9S - Niort Volley Ball\",\"isPartOf\":{\"@id\":\"https:\\\/\\\/niort-volley-ball.fr\\\/#website\"},\"primaryImageOfPage\":{\"@id\":\"https:\\\/\\\/niort-volley-ball.fr\\\/index.php\\\/2023\\\/07\\\/21\\\/actualites\\\/#primaryimage\"},\"image\":{\"@id\":\"https:\\\/\\\/niort-volley-ball.fr\\\/index.php\\\/2023\\\/07\\\/21\\\/actualites\\\/#primaryimage\"},\"thumbnailUrl\":\"https:\\\/\\\/niort-volley-ball.fr\\\/wp-content\\\/uploads\\\/2024\\\/12\\\/68936a22-5a1f-4dd1-be10-be85d3ab87d0-300x225.jpeg\",\"datePublished\":\"2023-07-21T20:06:46+00:00\",\"dateModified\":\"2024-12-17T12:51:17+00:00\",\"description\":\"notre club de Volley sur Niort est un club formateur affili\u00e9 \u00e0 la FFVB participants \u00e0 championnat d\u00e9partemental r\u00e9gional loisir\",\"breadcrumb\":{\"@id\":\"https:\\\/\\\/niort-volley-ball.fr\\\/index.php\\\/2023\\\/07\\\/21\\\/actualites\\\/#breadcrumb\"},\"inLanguage\":\"fr-FR\",\"potentialAction\":[{\"@type\":\"ReadAction\",\"target\":[\"https:\\\/\\\/niort-volley-ball.fr\\\/index.php\\\/2023\\\/07\\\/21\\\/actualites\\\/\"]}]},{\"@type\":\"ImageObject\",\"inLanguage\":\"fr-FR\",\"@id\":\"https:\\\/\\\/niort-volley-ball.fr\\\/index.php\\\/2023\\\/07\\\/21\\\/actualites\\\/#primaryimage\",\"url\":\"https:\\\/\\\/niort-volley-ball.fr\\\/wp-content\\\/uploads\\\/2024\\\/12\\\/68936a22-5a1f-4dd1-be10-be85d3ab87d0.jpeg\",\"contentUrl\":\"https:\\\/\\\/niort-volley-ball.fr\\\/wp-content\\\/uploads\\\/2024\\\/12\\\/68936a22-5a1f-4dd1-be10-be85d3ab87d0.jpeg\",\"width\":1600,\"height\":1200,\"caption\":\"Club formateur NVB\"},{\"@type\":\"BreadcrumbList\",\"@id\":\"https:\\\/\\\/niort-volley-ball.fr\\\/index.php\\\/2023\\\/07\\\/21\\\/actualites\\\/#breadcrumb\",\"itemListElement\":[{\"@type\":\"ListItem\",\"position\":1,\"name\":\"Accueil\",\"item\":\"https:\\\/\\\/niort-volley-ball.fr\\\/\"},{\"@type\":\"ListItem\",\"position\":2,\"name\":\"ACTUALIT\u00c9S\"}]},{\"@type\":\"WebSite\",\"@id\":\"https:\\\/\\\/niort-volley-ball.fr\\\/#website\",\"url\":\"https:\\\/\\\/niort-volley-ball.fr\\\/\",\"name\":\"Niort Volley Ball\",\"description\":\"\",\"publisher\":{\"@id\":\"https:\\\/\\\/niort-volley-ball.fr\\\/#organization\"},\"potentialAction\":[{\"@type\":\"SearchAction\",\"target\":{\"@type\":\"EntryPoint\",\"urlTemplate\":\"https:\\\/\\\/niort-volley-ball.fr\\\/?s={search_term_string}\"},\"query-input\":{\"@type\":\"PropertyValueSpecification\",\"valueRequired\":true,\"valueName\":\"search_term_string\"}}],\"inLanguage\":\"fr-FR\"},{\"@type\":\"Organization\",\"@id\":\"https:\\\/\\\/niort-volley-ball.fr\\\/#organization\",\"name\":\"Niort Volley Ball\",\"url\":\"https:\\\/\\\/niort-volley-ball.fr\\\/\",\"logo\":{\"@type\":\"ImageObject\",\"inLanguage\":\"fr-FR\",\"@id\":\"https:\\\/\\\/niort-volley-ball.fr\\\/#\\\/schema\\\/logo\\\/image\\\/\",\"url\":\"https:\\\/\\\/niort-volley-ball.fr\\\/wp-content\\\/uploads\\\/2021\\\/09\\\/cropped-cropped-NVBLOGO-3.png\",\"contentUrl\":\"https:\\\/\\\/niort-volley-ball.fr\\\/wp-content\\\/uploads\\\/2021\\\/09\\\/cropped-cropped-NVBLOGO-3.png\",\"width\":250,\"height\":250,\"caption\":\"Niort Volley Ball\"},\"image\":{\"@id\":\"https:\\\/\\\/niort-volley-ball.fr\\\/#\\\/schema\\\/logo\\\/image\\\/\"},\"sameAs\":[\"https:\\\/\\\/www.facebook.com\\\/niortvb\\\/\",\"https:\\\/\\\/www.instagram.com\\\/niortvb\\\/\"]},{\"@type\":\"Person\",\"@id\":\"https:\\\/\\\/niort-volley-ball.fr\\\/#\\\/schema\\\/person\\\/b64d92b82deae062d66b0258b6a1e8a1\",\"name\":\"Nolwenn Secher\",\"image\":{\"@type\":\"ImageObject\",\"inLanguage\":\"fr-FR\",\"@id\":\"https:\\\/\\\/secure.gravatar.com\\\/avatar\\\/09396b249eaa0045a8eb4f0187db543477600129ae97d513b80dbdace762a138?s=96&d=mm&r=g\",\"url\":\"https:\\\/\\\/secure.gravatar.com\\\/avatar\\\/09396b249eaa0045a8eb4f0187db543477600129ae97d513b80dbdace762a138?s=96&d=mm&r=g\",\"contentUrl\":\"https:\\\/\\\/secure.gravatar.com\\\/avatar\\\/09396b249eaa0045a8eb4f0187db543477600129ae97d513b80dbdace762a138?s=96&d=mm&r=g\",\"caption\":\"Nolwenn Secher\"},\"url\":\"https:\\\/\\\/niort-volley-ball.fr\\\/index.php\\\/author\\\/nolwenn_comm\\\/\"}]}<\/script>\n<!-- \/ Yoast SEO plugin. -->","yoast_head_json":{"title":"ACTUALIT\u00c9S - Niort Volley Ball","description":"notre club de Volley sur Niort est un club formateur affili\u00e9 \u00e0 la FFVB participants \u00e0 championnat d\u00e9partemental r\u00e9gional loisir","robots":{"index":"index","follow":"follow","max-snippet":"max-snippet:-1","max-image-preview":"max-image-preview:large","max-video-preview":"max-video-preview:-1"},"canonical":"https:\/\/niort-volley-ball.fr\/index.php\/2023\/07\/21\/actualites\/","og_locale":"fr_FR","og_type":"article","og_title":"ACTUALIT\u00c9S - Niort Volley Ball","og_description":"notre club de Volley sur Niort est un club formateur affili\u00e9 \u00e0 la FFVB participants \u00e0 championnat d\u00e9partemental r\u00e9gional loisir","og_url":"https:\/\/niort-volley-ball.fr\/index.php\/2023\/07\/21\/actualites\/","og_site_name":"Niort Volley Ball","article_publisher":"https:\/\/www.facebook.com\/niortvb\/","article_published_time":"2023-07-21T20:06:46+00:00","article_modified_time":"2024-12-17T12:51:17+00:00","og_image":[{"url":"https:\/\/niort-volley-ball.fr\/wp-content\/uploads\/2024\/12\/68936a22-5a1f-4dd1-be10-be85d3ab87d0-300x225.jpeg","type":"","width":"","height":""}],"author":"Nolwenn Secher","twitter_card":"summary_large_image","twitter_misc":{"\u00c9crit par":"Nolwenn Secher"},"schema":{"@context":"https:\/\/schema.org","@graph":[{"@type":"Article","@id":"https:\/\/niort-volley-ball.fr\/index.php\/2023\/07\/21\/actualites\/#article","isPartOf":{"@id":"https:\/\/niort-volley-ball.fr\/index.php\/2023\/07\/21\/actualites\/"},"author":{"name":"Nolwenn Secher","@id":"https:\/\/niort-volley-ball.fr\/#\/schema\/person\/b64d92b82deae062d66b0258b6a1e8a1"},"headline":"ACTUALIT\u00c9S","datePublished":"2023-07-21T20:06:46+00:00","dateModified":"2024-12-17T12:51:17+00:00","mainEntityOfPage":{"@id":"https:\/\/niort-volley-ball.fr\/index.php\/2023\/07\/21\/actualites\/"},"wordCount":30,"commentCount":0,"publisher":{"@id":"https:\/\/niort-volley-ball.fr\/#organization"},"image":{"@id":"https:\/\/niort-volley-ball.fr\/index.php\/2023\/07\/21\/actualites\/#primaryimage"},"thumbnailUrl":"https:\/\/niort-volley-ball.fr\/wp-content\/uploads\/2024\/12\/68936a22-5a1f-4dd1-be10-be85d3ab87d0-300x225.jpeg","inLanguage":"fr-FR","potentialAction":[{"@type":"CommentAction","name":"Comment","target":["https:\/\/niort-volley-ball.fr\/index.php\/2023\/07\/21\/actualites\/#respond"]}]},{"@type":"WebPage","@id":"https:\/\/niort-volley-ball.fr\/index.php\/2023\/07\/21\/actualites\/","url":"https:\/\/niort-volley-ball.fr\/index.php\/2023\/07\/21\/actualites\/","name":"ACTUALIT\u00c9S - Niort Volley Ball","isPartOf":{"@id":"https:\/\/niort-volley-ball.fr\/#website"},"primaryImageOfPage":{"@id":"https:\/\/niort-volley-ball.fr\/index.php\/2023\/07\/21\/actualites\/#primaryimage"},"image":{"@id":"https:\/\/niort-volley-ball.fr\/index.php\/2023\/07\/21\/actualites\/#primaryimage"},"thumbnailUrl":"https:\/\/niort-volley-ball.fr\/wp-content\/uploads\/2024\/12\/68936a22-5a1f-4dd1-be10-be85d3ab87d0-300x225.jpeg","datePublished":"2023-07-21T20:06:46+00:00","dateModified":"2024-12-17T12:51:17+00:00","description":"notre club de Volley sur Niort est un club formateur affili\u00e9 \u00e0 la FFVB participants \u00e0 championnat d\u00e9partemental r\u00e9gional loisir","breadcrumb":{"@id":"https:\/\/niort-volley-ball.fr\/index.php\/2023\/07\/21\/actualites\/#breadcrumb"},"inLanguage":"fr-FR","potentialAction":[{"@type":"ReadAction","target":["https:\/\/niort-volley-ball.fr\/index.php\/2023\/07\/21\/actualites\/"]}]},{"@type":"ImageObject","inLanguage":"fr-FR","@id":"https:\/\/niort-volley-ball.fr\/index.php\/2023\/07\/21\/actualites\/#primaryimage","url":"https:\/\/niort-volley-ball.fr\/wp-content\/uploads\/2024\/12\/68936a22-5a1f-4dd1-be10-be85d3ab87d0.jpeg","contentUrl":"https:\/\/niort-volley-ball.fr\/wp-content\/uploads\/2024\/12\/68936a22-5a1f-4dd1-be10-be85d3ab87d0.jpeg","width":1600,"height":1200,"caption":"Club formateur NVB"},{"@type":"BreadcrumbList","@id":"https:\/\/niort-volley-ball.fr\/index.php\/2023\/07\/21\/actualites\/#breadcrumb","itemListElement":[{"@type":"ListItem","position":1,"name":"Accueil","item":"https:\/\/niort-volley-ball.fr\/"},{"@type":"ListItem","position":2,"name":"ACTUALIT\u00c9S"}]},{"@type":"WebSite","@id":"https:\/\/niort-volley-ball.fr\/#website","url":"https:\/\/niort-volley-ball.fr\/","name":"Niort Volley Ball","description":"","publisher":{"@id":"https:\/\/niort-volley-ball.fr\/#organization"},"potentialAction":[{"@type":"SearchAction","target":{"@type":"EntryPoint","urlTemplate":"https:\/\/niort-volley-ball.fr\/?s={search_term_string}"},"query-input":{"@type":"PropertyValueSpecification","valueRequired":true,"valueName":"search_term_string"}}],"inLanguage":"fr-FR"},{"@type":"Organization","@id":"https:\/\/niort-volley-ball.fr\/#organization","name":"Niort Volley Ball","url":"https:\/\/niort-volley-ball.fr\/","logo":{"@type":"ImageObject","inLanguage":"fr-FR","@id":"https:\/\/niort-volley-ball.fr\/#\/schema\/logo\/image\/","url":"https:\/\/niort-volley-ball.fr\/wp-content\/uploads\/2021\/09\/cropped-cropped-NVBLOGO-3.png","contentUrl":"https:\/\/niort-volley-ball.fr\/wp-content\/uploads\/2021\/09\/cropped-cropped-NVBLOGO-3.png","width":250,"height":250,"caption":"Niort Volley Ball"},"image":{"@id":"https:\/\/niort-volley-ball.fr\/#\/schema\/logo\/image\/"},"sameAs":["https:\/\/www.facebook.com\/niortvb\/","https:\/\/www.instagram.com\/niortvb\/"]},{"@type":"Person","@id":"https:\/\/niort-volley-ball.fr\/#\/schema\/person\/b64d92b82deae062d66b0258b6a1e8a1","name":"Nolwenn Secher","image":{"@type":"ImageObject","inLanguage":"fr-FR","@id":"https:\/\/secure.gravatar.com\/avatar\/09396b249eaa0045a8eb4f0187db543477600129ae97d513b80dbdace762a138?s=96&d=mm&r=g","url":"https:\/\/secure.gravatar.com\/avatar\/09396b249eaa0045a8eb4f0187db543477600129ae97d513b80dbdace762a138?s=96&d=mm&r=g","contentUrl":"https:\/\/secure.gravatar.com\/avatar\/09396b249eaa0045a8eb4f0187db543477600129ae97d513b80dbdace762a138?s=96&d=mm&r=g","caption":"Nolwenn Secher"},"url":"https:\/\/niort-volley-ball.fr\/index.php\/author\/nolwenn_comm\/"}]}},"_links":{"self":[{"href":"https:\/\/niort-volley-ball.fr\/index.php\/wp-json\/wp\/v2\/posts\/191","targetHints":{"allow":["GET"]}}],"collection":[{"href":"https:\/\/niort-volley-ball.fr\/index.php\/wp-json\/wp\/v2\/posts"}],"about":[{"href":"https:\/\/niort-volley-ball.fr\/index.php\/wp-json\/wp\/v2\/types\/post"}],"author":[{"embeddable":true,"href":"https:\/\/niort-volley-ball.fr\/index.php\/wp-json\/wp\/v2\/users\/4"}],"replies":[{"embeddable":true,"href":"https:\/\/niort-volley-ball.fr\/index.php\/wp-json\/wp\/v2\/comments?post=191"}],"version-history":[{"count":6,"href":"https:\/\/niort-volley-ball.fr\/index.php\/wp-json\/wp\/v2\/posts\/191\/revisions"}],"predecessor-version":[{"id":574,"href":"https:\/\/niort-volley-ball.fr\/index.php\/wp-json\/wp\/v2\/posts\/191\/revisions\/574"}],"wp:attachment":[{"href":"https:\/\/niort-volley-ball.fr\/index.php\/wp-json\/wp\/v2\/media?parent=191"}],"wp:term":[{"taxonomy":"category","embeddable":true,"href":"https:\/\/niort-volley-ball.fr\/index.php\/wp-json\/wp\/v2\/categories?post=191"},{"taxonomy":"post_tag","embeddable":true,"href":"https:\/\/niort-volley-ball.fr\/index.php\/wp-json\/wp\/v2\/tags?post=191"}],"curies":[{"name":"wp","href":"https:\/\/api.w.org\/{rel}","templated":true}]}}